{"id":2391,"date":"2021-12-20T18:01:23","date_gmt":"2021-12-20T18:01:23","guid":{"rendered":"https:\/\/ams-switzerland.ch\/hwz-hochschule-fuer-wirtschaft-zuerich\/"},"modified":"2026-01-22T10:48:16","modified_gmt":"2026-01-22T10:48:16","slug":"hwz-hochschule-fuer-wirtschaft-zuerich","status":"publish","type":"post","link":"https:\/\/ams-switzerland.ch\/fr\/hwz-hochschule-fuer-wirtschaft-zuerich\/","title":{"rendered":"HWZ Haute \u00e9cole d&rsquo;\u00e9conomie de Zurich"},"content":{"rendered":"\t\t<div data-elementor-type=\"wp-post\" data-elementor-id=\"2391\" class=\"elementor elementor-2391 elementor-608\" data-elementor-post-type=\"post\">\n\t\t\t\t\t\t<section class=\"elementor-section elementor-top-section elementor-element elementor-element-564558f elementor-section-boxed elementor-section-height-default elementor-section-height-default\" data-id=\"564558f\" data-element_type=\"section\" data-e-type=\"section\">\n\t\t\t\t\t\t<div class=\"elementor-container elementor-column-gap-default\">\n\t\t\t\t\t<div class=\"elementor-column elementor-col-66 elementor-top-column elementor-element elementor-element-4319cfe\" data-id=\"4319cfe\" data-element_type=\"column\" data-e-type=\"column\">\n\t\t\t<div class=\"elementor-widget-wrap elementor-element-populated\">\n\t\t\t\t\t\t<div class=\"elementor-element elementor-element-776cbff elementor-widget elementor-widget-heading\" data-id=\"776cbff\" data-element_type=\"widget\" data-e-type=\"widget\" data-widget_type=\"heading.default\">\n\t\t\t\t<div class=\"elementor-widget-container\">\n\t\t\t\t\t<h2 class=\"elementor-heading-title elementor-size-default\">HWZ Haute \u00e9cole d'\u00e9conomie de Zurich<\/h2>\t\t\t\t<\/div>\n\t\t\t\t<\/div>\n\t\t\t\t<div class=\"elementor-element elementor-element-772fe49a elementor-widget elementor-widget-text-editor\" data-id=\"772fe49a\" data-element_type=\"widget\" data-e-type=\"widget\" data-widget_type=\"text-editor.default\">\n\t\t\t\t<div class=\"elementor-widget-container\">\n\t\t\t\t\t\t\t\t\t<p><span style=\"color: var( --e-global-color-text ); font-family: var( --e-global-typography-text-font-family ), Sans-serif; font-weight: var( --e-global-typography-text-font-weight ); font-size: 1rem;\">Avec ses 3000 \u00e9tudiants, la <\/span>Haute \u00e9cole d&rsquo;\u00e9conomie de Zurich<span style=\"color: var( --e-global-color-text ); font-family: var( --e-global-typography-text-font-family ), Sans-serif; font-weight: var( --e-global-typography-text-font-weight ); font-size: 1rem;\"> est la haute \u00e9cole de Suisse proposant exclusivement des formations en cours d\u2019emploi dans le domaine de l\u2019\u00e9conomie et de la gestion. Elle offre un large \u00e9ventail de cursus de niveau bachelor et master, plus de 100 formations courtes, plus de 150 cursus permettant d&rsquo;obtenir un dipl\u00f4me et un certificat, la possibilit\u00e9 d\u2019obtenir un doctorat et des formations sur mesure en entreprise. L\u2019HWZ est institutionnellement accr\u00e9dit\u00e9e par le Conseil suisse d\u2019accr\u00e9ditation.<\/span><\/p>\t\t\t\t\t\t\t\t<\/div>\n\t\t\t\t<\/div>\n\t\t\t\t<div class=\"elementor-element elementor-element-ed429f4 elementor-widget elementor-widget-image\" data-id=\"ed429f4\" data-element_type=\"widget\" data-e-type=\"widget\" data-widget_type=\"image.default\">\n\t\t\t\t<div class=\"elementor-widget-container\">\n\t\t\t\t\t\t\t\t\t\t\t\t<figure class=\"wp-caption\">\n\t\t\t\t\t\t\t\t\t\t<img fetchpriority=\"high\" decoding=\"async\" width=\"800\" height=\"600\" src=\"https:\/\/ams-switzerland.ch\/wp-content\/uploads\/2021\/06\/CF008028-1024x768.jpg\" class=\"attachment-large size-large wp-image-2118\" alt=\"\" srcset=\"https:\/\/ams-switzerland.ch\/wp-content\/uploads\/2021\/06\/CF008028-1024x768.jpg 1024w, https:\/\/ams-switzerland.ch\/wp-content\/uploads\/2021\/06\/CF008028-300x225.jpg 300w, https:\/\/ams-switzerland.ch\/wp-content\/uploads\/2021\/06\/CF008028-768x576.jpg 768w, https:\/\/ams-switzerland.ch\/wp-content\/uploads\/2021\/06\/CF008028-1536x1152.jpg 1536w, https:\/\/ams-switzerland.ch\/wp-content\/uploads\/2021\/06\/CF008028-2048x1536.jpg 2048w, https:\/\/ams-switzerland.ch\/wp-content\/uploads\/2021\/06\/CF008028-16x12.jpg 16w\" sizes=\"(max-width: 800px) 100vw, 800px\" \/>\t\t\t\t\t\t\t\t\t\t\t<figcaption class=\"widget-image-caption wp-caption-text\">La HWZ se trouve dans le quartier tr\u00e8s \u00e0 la mode de l\u2019Europaallee, \u00e0 quelques minutes \u00e0 pied de la gare centrale de Zurich, dans le \u00ab\u00a0Sihlhof\u00a0\u00bb.<\/figcaption>\n\t\t\t\t\t\t\t\t\t\t<\/figure>\n\t\t\t\t\t\t\t\t\t<\/div>\n\t\t\t\t<\/div>\n\t\t\t\t<div class=\"elementor-element elementor-element-ae2d4fb elementor-widget elementor-widget-heading\" data-id=\"ae2d4fb\" data-element_type=\"widget\" data-e-type=\"widget\" data-widget_type=\"heading.default\">\n\t\t\t\t<div class=\"elementor-widget-container\">\n\t\t\t\t\t<h3 class=\"elementor-heading-title elementor-size-default\">Formation<\/h3>\t\t\t\t<\/div>\n\t\t\t\t<\/div>\n\t\t\t\t<div class=\"elementor-element elementor-element-9013f75 elementor-widget elementor-widget-text-editor\" data-id=\"9013f75\" data-element_type=\"widget\" data-e-type=\"widget\" data-widget_type=\"text-editor.default\">\n\t\t\t\t<div class=\"elementor-widget-container\">\n\t\t\t\t\t\t\t\t\t<p>En suivant des \u00e9tudes en cours d\u2019emploi \u00e0 la Haute \u00e9cole d&rsquo;\u00e9conomie de Zurich, les \u00e9tudiant\u00b7e\u00b7s acqui\u00e8rent des connaissances \u00e0 jour et pratiques qu\u2019ils peuvent appliquer directement dans leur m\u00e9tier. Ainsi, nos \u00e9tudiant\u00b7e\u00b7s se rapprochent un peu plus de l\u2019emploi dont ils r\u00eavent.<\/p><p>Les \u00e9tudes de bachelor \u00e0 la Haute \u00e9cole d&rsquo;\u00e9conomie de Zurich\u00a0offrent un lien optimal entre vie professionnelle, \u00e9tudes et vie priv\u00e9e. Nous offrons un environnement professionnel et motivant qui permet aux \u00e9tudiant\u00b7e\u00b7s de se concentrer pleinement sur leurs \u00e9tudes et leur r\u00e9ussite. Les personnes int\u00e9ress\u00e9es peuvent opter pour l\u2019une des trois fili\u00e8res\u00a0: <a href=\"https:\/\/fh-hwz.ch\/produkt\/bachelor-betriebsoekonomie\/\">Business Administration<\/a>, <a href=\"https:\/\/fh-hwz.ch\/produkt\/bachelor-business-communications\/\">Business Communications<\/a> et <a href=\"https:\/\/fh-hwz.ch\/bildungsangebot\/studium\/bachelor-of-science-bsc\/bachelor-digital-business-and-ai-hwz\">Digital Business &amp; AI<\/a>.<\/p>\t\t\t\t\t\t\t\t<\/div>\n\t\t\t\t<\/div>\n\t\t\t\t<div class=\"elementor-element elementor-element-5c51920 elementor-widget elementor-widget-heading\" data-id=\"5c51920\" data-element_type=\"widget\" data-e-type=\"widget\" data-widget_type=\"heading.default\">\n\t\t\t\t<div class=\"elementor-widget-container\">\n\t\t\t\t\t<h3 class=\"elementor-heading-title elementor-size-default\">Formation continue<\/h3>\t\t\t\t<\/div>\n\t\t\t\t<\/div>\n\t\t\t\t<div class=\"elementor-element elementor-element-9437239 elementor-widget elementor-widget-text-editor\" data-id=\"9437239\" data-element_type=\"widget\" data-e-type=\"widget\" data-widget_type=\"text-editor.default\">\n\t\t\t\t<div class=\"elementor-widget-container\">\n\t\t\t\t\t\t\t\t\t<p>La formation continue est une affaire de confiance. Depuis bient\u00f4t 40 ans, nous accompagnons les \u00e9tudiant\u00b7e\u00b7s de mani\u00e8re comp\u00e9tente, concr\u00e8te et personnalis\u00e9e tout au long de leur carri\u00e8re. Nous proposons deux programmes EMBA, environ 30 masters et plus de 150 CAS\/DAS dans diff\u00e9rents domaines de la Business Administration.<\/p><p>Nous offrons \u00e0 nos \u00e9tudiant\u00b7e\u00b7s un environnement professionnel, pr\u00e9venant et motivant. Les \u00e9tudiant\u00b7e\u00b7s de la Haute \u00e9cole d&rsquo;\u00e9conomie de Zurich\u00a0peuvent se concentrer pleinement sur leurs \u00e9tudes et leur r\u00e9ussite. Nous \u00e9voluons toujours dans un champ de tension entre comp\u00e9tences professionnelles, comp\u00e9tences sociales et comp\u00e9tences m\u00e9thodologiques. Nous associons connaissances, attitudes et aptitudes. La longue exp\u00e9rience pratique de nos \u00e9tudiant\u00b7e\u00b7s joue un r\u00f4le important.<br \/>En tant que sp\u00e9cialistes techniques, nos \u00e9tudiant\u00b7e\u00b7s seront confront\u00e9s \u00e0 des d\u00e9fis exigeants et des conditions difficiles, dans un environnement en constante \u00e9volution. Nos mod\u00e8les d\u2019\u00e9tudes uniques permettent aux \u00e9tudiant\u00b7e\u00b7s de les relever et d\u2019obtenir l\u2019effet escompt\u00e9 pour eux-m\u00eames et leur organisation.<\/p>\t\t\t\t\t\t\t\t<\/div>\n\t\t\t\t<\/div>\n\t\t\t\t<div class=\"elementor-element elementor-element-41b07ac elementor-widget elementor-widget-heading\" data-id=\"41b07ac\" data-element_type=\"widget\" data-e-type=\"widget\" data-widget_type=\"heading.default\">\n\t\t\t\t<div class=\"elementor-widget-container\">\n\t\t\t\t\t<h3 class=\"elementor-heading-title elementor-size-default\">Services<\/h3>\t\t\t\t<\/div>\n\t\t\t\t<\/div>\n\t\t\t\t<div class=\"elementor-element elementor-element-485da3b elementor-widget elementor-widget-text-editor\" data-id=\"485da3b\" data-element_type=\"widget\" data-e-type=\"widget\" data-widget_type=\"text-editor.default\">\n\t\t\t\t<div class=\"elementor-widget-container\">\n\t\t\t\t\t\t\t\t\t<p>Nous proposons aux entreprises et organisations de multiples possibilit\u00e9s de collaboration. Nos services vont des formations en entreprise sur mesure, des conseils et du coaching aux projets et sponsorings d\u2019\u00e9tudiant\u00b7e\u00b7s. Nous assurons le transfert de connaissances entre la recherche appliqu\u00e9e et la pratique. Les personnes int\u00e9ress\u00e9es profitent d\u2019un savoir-faire scientifique et p\u00e9dagogique \u00e0 jour ainsi que d\u2019une bonne r\u00e9putation via la marque Haute \u00e9cole d&rsquo;\u00e9conomie de Zurich.<\/p>\t\t\t\t\t\t\t\t<\/div>\n\t\t\t\t<\/div>\n\t\t\t\t<div class=\"elementor-element elementor-element-7a82c0a elementor-widget elementor-widget-heading\" data-id=\"7a82c0a\" data-element_type=\"widget\" data-e-type=\"widget\" data-widget_type=\"heading.default\">\n\t\t\t\t<div class=\"elementor-widget-container\">\n\t\t\t\t\t<h3 class=\"elementor-heading-title elementor-size-default\">Recherche et d\u00e9veloppement<\/h3>\t\t\t\t<\/div>\n\t\t\t\t<\/div>\n\t\t\t\t<div class=\"elementor-element elementor-element-cb82ee2 elementor-widget elementor-widget-text-editor\" data-id=\"cb82ee2\" data-element_type=\"widget\" data-e-type=\"widget\" data-widget_type=\"text-editor.default\">\n\t\t\t\t<div class=\"elementor-widget-container\">\n\t\t\t\t\t\t\t\t\t<p>La recherche men\u00e9e \u00e0 la Haute \u00e9cole d&rsquo;\u00e9conomie de Zurich\u00a0fournit les bases n\u00e9cessaires au d\u00e9veloppement et \u00e0 l\u2019approfondissement des comp\u00e9tences cl\u00e9s de la Haute \u00e9cole d&rsquo;\u00e9conomie de Zurich. Les r\u00e9sultats de la recherche profitent \u00e0 la pratique et sont utilis\u00e9s dans l\u2019enseignement au niveau bachelor, master et doctorat, favorisant ainsi des \u00e9tudes ax\u00e9es sur la pratique.<\/p>\t\t\t\t\t\t\t\t<\/div>\n\t\t\t\t<\/div>\n\t\t\t\t\t<\/div>\n\t\t<\/div>\n\t\t\t\t<div class=\"elementor-column elementor-col-33 elementor-top-column elementor-element elementor-element-690c76f\" data-id=\"690c76f\" data-element_type=\"column\" data-e-type=\"column\">\n\t\t\t<div class=\"elementor-widget-wrap elementor-element-populated\">\n\t\t\t\t\t\t<div class=\"elementor-element elementor-element-148fe7a elementor-widget elementor-widget-image\" data-id=\"148fe7a\" data-element_type=\"widget\" data-e-type=\"widget\" data-widget_type=\"image.default\">\n\t\t\t\t<div class=\"elementor-widget-container\">\n\t\t\t\t\t\t\t\t\t\t\t\t\t\t\t<img decoding=\"async\" width=\"800\" height=\"184\" src=\"https:\/\/ams-switzerland.ch\/wp-content\/uploads\/2021\/12\/Logo-Standard-HWZ-DE-RGB-Blau-1024x236.jpg\" class=\"attachment-large size-large wp-image-5793\" alt=\"\" srcset=\"https:\/\/ams-switzerland.ch\/wp-content\/uploads\/2021\/12\/Logo-Standard-HWZ-DE-RGB-Blau-1024x236.jpg 1024w, https:\/\/ams-switzerland.ch\/wp-content\/uploads\/2021\/12\/Logo-Standard-HWZ-DE-RGB-Blau-300x69.jpg 300w, https:\/\/ams-switzerland.ch\/wp-content\/uploads\/2021\/12\/Logo-Standard-HWZ-DE-RGB-Blau-768x177.jpg 768w, https:\/\/ams-switzerland.ch\/wp-content\/uploads\/2021\/12\/Logo-Standard-HWZ-DE-RGB-Blau-1536x354.jpg 1536w, https:\/\/ams-switzerland.ch\/wp-content\/uploads\/2021\/12\/Logo-Standard-HWZ-DE-RGB-Blau-2048x472.jpg 2048w\" sizes=\"(max-width: 800px) 100vw, 800px\" \/>\t\t\t\t\t\t\t\t\t\t\t\t\t\t\t<\/div>\n\t\t\t\t<\/div>\n\t\t\t\t<div class=\"elementor-element elementor-element-36d4908 elementor-widget-divider--view-line elementor-widget elementor-widget-divider\" data-id=\"36d4908\" data-element_type=\"widget\" data-e-type=\"widget\" data-widget_type=\"divider.default\">\n\t\t\t\t<div class=\"elementor-widget-container\">\n\t\t\t\t\t\t\t<div class=\"elementor-divider\">\n\t\t\t<span class=\"elementor-divider-separator\">\n\t\t\t\t\t\t<\/span>\n\t\t<\/div>\n\t\t\t\t\t\t<\/div>\n\t\t\t\t<\/div>\n\t\t\t\t<div class=\"elementor-element elementor-element-5ea22ce elementor-widget elementor-widget-heading\" data-id=\"5ea22ce\" data-element_type=\"widget\" data-e-type=\"widget\" data-widget_type=\"heading.default\">\n\t\t\t\t<div class=\"elementor-widget-container\">\n\t\t\t\t\t<h4 class=\"elementor-heading-title elementor-size-default\">Contact<\/h4>\t\t\t\t<\/div>\n\t\t\t\t<\/div>\n\t\t\t\t<div class=\"elementor-element elementor-element-83f8080 elementor-widget elementor-widget-text-editor\" data-id=\"83f8080\" data-element_type=\"widget\" data-e-type=\"widget\" data-widget_type=\"text-editor.default\">\n\t\t\t\t<div class=\"elementor-widget-container\">\n\t\t\t\t\t\t\t\t\t<p style=\"text-align: right;\"><strong>HWZ Haute \u00e9cole d&rsquo;\u00e9conomie de Zurich<\/strong><br \/>Lagerstrasse 5<br \/>Case postale <br \/>8021 Zurich<\/p><p style=\"text-align: right;\"><a href=\"tel:+41433222600\">T\u00e9l. +41 43 322 26 00<\/a><\/p><p style=\"text-align: right;\">kundencenter<a href=\"mailto:sekretariat@fh-hwz.ch\">@fh-hwz.ch<\/a><\/p><p style=\"text-align: right;\"><a href=\"https:\/\/fh-hwz.ch\" target=\"_blank\" rel=\"noopener\">fh-hwz.ch<\/a><\/p>\t\t\t\t\t\t\t\t<\/div>\n\t\t\t\t<\/div>\n\t\t\t\t<div class=\"elementor-element elementor-element-6f202bd elementor-widget-divider--view-line elementor-widget elementor-widget-divider\" data-id=\"6f202bd\" data-element_type=\"widget\" data-e-type=\"widget\" data-widget_type=\"divider.default\">\n\t\t\t\t<div class=\"elementor-widget-container\">\n\t\t\t\t\t\t\t<div class=\"elementor-divider\">\n\t\t\t<span class=\"elementor-divider-separator\">\n\t\t\t\t\t\t<\/span>\n\t\t<\/div>\n\t\t\t\t\t\t<\/div>\n\t\t\t\t<\/div>\n\t\t\t\t\t<\/div>\n\t\t<\/div>\n\t\t\t\t\t<\/div>\n\t\t<\/section>\n\t\t\t\t<section class=\"elementor-section elementor-top-section elementor-element elementor-element-1e45331a elementor-section-boxed elementor-section-height-default elementor-section-height-default\" data-id=\"1e45331a\" data-element_type=\"section\" data-e-type=\"section\">\n\t\t\t\t\t\t<div class=\"elementor-container elementor-column-gap-default\">\n\t\t\t\t\t<div class=\"elementor-column elementor-col-100 elementor-top-column elementor-element elementor-element-4db6792\" data-id=\"4db6792\" data-element_type=\"column\" data-e-type=\"column\">\n\t\t\t<div class=\"elementor-widget-wrap\">\n\t\t\t\t\t\t\t<\/div>\n\t\t<\/div>\n\t\t\t\t\t<\/div>\n\t\t<\/section>\n\t\t\t\t<\/div>\n\t\t","protected":false},"excerpt":{"rendered":"<p>Nous vous proposons un large \u00e9ventail de cursus, beaucoup de pratique et un bon r\u00e9seau. Investissez dans vous-m\u00eame et dans votre avenir.<\/p>\n","protected":false},"author":1,"featured_media":2244,"comment_status":"closed","ping_status":"closed","sticky":false,"template":"elementor_theme","format":"standard","meta":{"footnotes":""},"categories":[1],"tags":[146,134,137,144,150],"class_list":["post-2391","post","type-post","status-publish","format-standard","has-post-thumbnail","hentry","category-unkategorisiert","tag-bachelor-fr","tag-formation","tag-formation-continue","tag-haute-ecole-specialisee","tag-hwz-fr"],"_links":{"self":[{"href":"https:\/\/ams-switzerland.ch\/fr\/wp-json\/wp\/v2\/posts\/2391","targetHints":{"allow":["GET"]}}],"collection":[{"href":"https:\/\/ams-switzerland.ch\/fr\/wp-json\/wp\/v2\/posts"}],"about":[{"href":"https:\/\/ams-switzerland.ch\/fr\/wp-json\/wp\/v2\/types\/post"}],"author":[{"embeddable":true,"href":"https:\/\/ams-switzerland.ch\/fr\/wp-json\/wp\/v2\/users\/1"}],"replies":[{"embeddable":true,"href":"https:\/\/ams-switzerland.ch\/fr\/wp-json\/wp\/v2\/comments?post=2391"}],"version-history":[{"count":73,"href":"https:\/\/ams-switzerland.ch\/fr\/wp-json\/wp\/v2\/posts\/2391\/revisions"}],"predecessor-version":[{"id":5797,"href":"https:\/\/ams-switzerland.ch\/fr\/wp-json\/wp\/v2\/posts\/2391\/revisions\/5797"}],"wp:featuredmedia":[{"embeddable":true,"href":"https:\/\/ams-switzerland.ch\/fr\/wp-json\/wp\/v2\/media\/2244"}],"wp:attachment":[{"href":"https:\/\/ams-switzerland.ch\/fr\/wp-json\/wp\/v2\/media?parent=2391"}],"wp:term":[{"taxonomy":"category","embeddable":true,"href":"https:\/\/ams-switzerland.ch\/fr\/wp-json\/wp\/v2\/categories?post=2391"},{"taxonomy":"post_tag","embeddable":true,"href":"https:\/\/ams-switzerland.ch\/fr\/wp-json\/wp\/v2\/tags?post=2391"}],"curies":[{"name":"wp","href":"https:\/\/api.w.org\/{rel}","templated":true}]}}